{"id":12197,"date":"2023-04-01T08:07:05","date_gmt":"2023-04-01T06:07:05","guid":{"rendered":"https:\/\/www.jogroup.eu\/?p=12197"},"modified":"2023-04-05T12:12:28","modified_gmt":"2023-04-05T10:12:28","slug":"jo-group-25-years-digital-transformation-consulting-eu","status":"publish","type":"post","link":"https:\/\/www.jogroup.eu\/en\/jo-group-25-years-digital-transformation-consulting-eu\/","title":{"rendered":"JO Group: 25 years of digital transformation"},"content":{"rendered":"\t\t<div data-elementor-type=\"wp-post\" data-elementor-id=\"12197\" class=\"elementor elementor-12197 elementor-12158\" data-elementor-settings=\"{&quot;element_pack_global_tooltip_width&quot;:{&quot;unit&quot;:&quot;px&quot;,&quot;size&quot;:&quot;&quot;,&quot;sizes&quot;:[]},&quot;element_pack_global_tooltip_width_widescreen&quot;:{&quot;unit&quot;:&quot;px&quot;,&quot;size&quot;:&quot;&quot;,&quot;sizes&quot;:[]},&quot;element_pack_global_tooltip_width_laptop&quot;:{&quot;unit&quot;:&quot;px&quot;,&quot;size&quot;:&quot;&quot;,&quot;sizes&quot;:[]},&quot;element_pack_global_tooltip_width_tablet_extra&quot;:{&quot;unit&quot;:&quot;px&quot;,&quot;size&quot;:&quot;&quot;,&quot;sizes&quot;:[]},&quot;element_pack_global_tooltip_width_tablet&quot;:{&quot;unit&quot;:&quot;px&quot;,&quot;size&quot;:&quot;&quot;,&quot;sizes&quot;:[]},&quot;element_pack_global_tooltip_width_mobile_extra&quot;:{&quot;unit&quot;:&quot;px&quot;,&quot;size&quot;:&quot;&quot;,&quot;sizes&quot;:[]},&quot;element_pack_global_tooltip_width_mobile&quot;:{&quot;unit&quot;:&quot;px&quot;,&quot;size&quot;:&quot;&quot;,&quot;sizes&quot;:[]},&quot;element_pack_global_tooltip_padding&quot;:{&quot;unit&quot;:&quot;px&quot;,&quot;top&quot;:&quot;&quot;,&quot;right&quot;:&quot;&quot;,&quot;bottom&quot;:&quot;&quot;,&quot;left&quot;:&quot;&quot;,&quot;isLinked&quot;:true},&quot;element_pack_global_tooltip_padding_widescreen&quot;:{&quot;unit&quot;:&quot;px&quot;,&quot;top&quot;:&quot;&quot;,&quot;right&quot;:&quot;&quot;,&quot;bottom&quot;:&quot;&quot;,&quot;left&quot;:&quot;&quot;,&quot;isLinked&quot;:true},&quot;element_pack_global_tooltip_padding_laptop&quot;:{&quot;unit&quot;:&quot;px&quot;,&quot;top&quot;:&quot;&quot;,&quot;right&quot;:&quot;&quot;,&quot;bottom&quot;:&quot;&quot;,&quot;left&quot;:&quot;&quot;,&quot;isLinked&quot;:true},&quot;element_pack_global_tooltip_padding_tablet_extra&quot;:{&quot;unit&quot;:&quot;px&quot;,&quot;top&quot;:&quot;&quot;,&quot;right&quot;:&quot;&quot;,&quot;bottom&quot;:&quot;&quot;,&quot;left&quot;:&quot;&quot;,&quot;isLinked&quot;:true},&quot;element_pack_global_tooltip_padding_tablet&quot;:{&quot;unit&quot;:&quot;px&quot;,&quot;top&quot;:&quot;&quot;,&quot;right&quot;:&quot;&quot;,&quot;bottom&quot;:&quot;&quot;,&quot;left&quot;:&quot;&quot;,&quot;isLinked&quot;:true},&quot;element_pack_global_tooltip_padding_mobile_extra&quot;:{&quot;unit&quot;:&quot;px&quot;,&quot;top&quot;:&quot;&quot;,&quot;right&quot;:&quot;&quot;,&quot;bottom&quot;:&quot;&quot;,&quot;left&quot;:&quot;&quot;,&quot;isLinked&quot;:true},&quot;element_pack_global_tooltip_padding_mobile&quot;:{&quot;unit&quot;:&quot;px&quot;,&quot;top&quot;:&quot;&quot;,&quot;right&quot;:&quot;&quot;,&quot;bottom&quot;:&quot;&quot;,&quot;left&quot;:&quot;&quot;,&quot;isLinked&quot;:true},&quot;element_pack_global_tooltip_border_radius&quot;:{&quot;unit&quot;:&quot;px&quot;,&quot;top&quot;:&quot;&quot;,&quot;right&quot;:&quot;&quot;,&quot;bottom&quot;:&quot;&quot;,&quot;left&quot;:&quot;&quot;,&quot;isLinked&quot;:true},&quot;element_pack_global_tooltip_border_radius_widescreen&quot;:{&quot;unit&quot;:&quot;px&quot;,&quot;top&quot;:&quot;&quot;,&quot;right&quot;:&quot;&quot;,&quot;bottom&quot;:&quot;&quot;,&quot;left&quot;:&quot;&quot;,&quot;isLinked&quot;:true},&quot;element_pack_global_tooltip_border_radius_laptop&quot;:{&quot;unit&quot;:&quot;px&quot;,&quot;top&quot;:&quot;&quot;,&quot;right&quot;:&quot;&quot;,&quot;bottom&quot;:&quot;&quot;,&quot;left&quot;:&quot;&quot;,&quot;isLinked&quot;:true},&quot;element_pack_global_tooltip_border_radius_tablet_extra&quot;:{&quot;unit&quot;:&quot;px&quot;,&quot;top&quot;:&quot;&quot;,&quot;right&quot;:&quot;&quot;,&quot;bottom&quot;:&quot;&quot;,&quot;left&quot;:&quot;&quot;,&quot;isLinked&quot;:true},&quot;element_pack_global_tooltip_border_radius_tablet&quot;:{&quot;unit&quot;:&quot;px&quot;,&quot;top&quot;:&quot;&quot;,&quot;right&quot;:&quot;&quot;,&quot;bottom&quot;:&quot;&quot;,&quot;left&quot;:&quot;&quot;,&quot;isLinked&quot;:true},&quot;element_pack_global_tooltip_border_radius_mobile_extra&quot;:{&quot;unit&quot;:&quot;px&quot;,&quot;top&quot;:&quot;&quot;,&quot;right&quot;:&quot;&quot;,&quot;bottom&quot;:&quot;&quot;,&quot;left&quot;:&quot;&quot;,&quot;isLinked&quot;:true},&quot;element_pack_global_tooltip_border_radius_mobile&quot;:{&quot;unit&quot;:&quot;px&quot;,&quot;top&quot;:&quot;&quot;,&quot;right&quot;:&quot;&quot;,&quot;bottom&quot;:&quot;&quot;,&quot;left&quot;:&quot;&quot;,&quot;isLinked&quot;:true}}\" data-elementor-post-type=\"post\">\n\t\t\t\t<div class=\"elementor-element elementor-element-d2e4af5 e-flex e-con-boxed e-con e-parent\" data-id=\"d2e4af5\" data-element_type=\"container\" data-e-type=\"container\">\n\t\t\t\t\t<div class=\"e-con-inner\">\n\t\t\t\t<div class=\"elementor-element elementor-element-8afc425 elementor-widget elementor-widget-text-editor\" data-id=\"8afc425\" data-element_type=\"widget\" data-e-type=\"widget\" data-widget_type=\"text-editor.default\">\n\t\t\t\t<div class=\"elementor-widget-container\">\n\t\t\t\t\t\t\t\t\t<p>Il <strong>1\u00b0 aprile 1998<\/strong>, esattamente <strong>25 anni fa<\/strong>, nasceva <a href=\"https:\/\/www.jogroup.eu\/\"><strong>JO Group<\/strong><\/a>, il cluster di aziende che fin da subito ha fatto dell\u2019<strong>innovazione tecnologica <\/strong>e dell\u2019apprendimento continuo il motore delle proprie attivit\u00e0. Il <em>concept<\/em> stesso del logo del gruppo, la <strong>spirale<\/strong>, ne rappresenta i valori.<\/p>\n<p>La spirale \u00e8 un simbolo di <strong>conoscenza<\/strong>; rappresenta il modo di concepire l\u2019apprendimento, come un movimento a spirale appunto. Infatti, ogni volta che ci confrontiamo con la stessa attivit\u00e0, attraverso una sua <strong>continua rilettura<\/strong>, possiamo ottenere maggiori informazioni. Ci\u00f2 si traduce in un <strong>vantaggio competitivo<\/strong>.<\/p>\n<p>25 anni dedicati all\u2019innovazione in tutti i suoi aspetti. Nelle prossime righe cercheremo di ripercorrere insieme il cammino intrapreso dando uno sguardo alle sfide passate, a quelle presenti e immaginando le future.<\/p>\n\t\t\t\t\t\t\t\t<\/div>\n\t\t\t\t<\/div>\n\t\t\t\t<div class=\"elementor-element elementor-element-cf025b7 elementor-toc--minimized-on-tablet elementor-widget elementor-widget-table-of-contents\" data-id=\"cf025b7\" data-element_type=\"widget\" data-e-type=\"widget\" data-settings=\"{&quot;headings_by_tags&quot;:[&quot;h2&quot;,&quot;h3&quot;,&quot;h4&quot;],&quot;exclude_headings_by_selector&quot;:[],&quot;marker_view&quot;:&quot;numbers&quot;,&quot;no_headings_message&quot;:&quot;No headings were found on this page.&quot;,&quot;minimize_box&quot;:&quot;yes&quot;,&quot;minimized_on&quot;:&quot;tablet&quot;,&quot;hierarchical_view&quot;:&quot;yes&quot;,&quot;min_height&quot;:{&quot;unit&quot;:&quot;px&quot;,&quot;size&quot;:&quot;&quot;,&quot;sizes&quot;:[]},&quot;min_height_widescreen&quot;:{&quot;unit&quot;:&quot;px&quot;,&quot;size&quot;:&quot;&quot;,&quot;sizes&quot;:[]},&quot;min_height_laptop&quot;:{&quot;unit&quot;:&quot;px&quot;,&quot;size&quot;:&quot;&quot;,&quot;sizes&quot;:[]},&quot;min_height_tablet_extra&quot;:{&quot;unit&quot;:&quot;px&quot;,&quot;size&quot;:&quot;&quot;,&quot;sizes&quot;:[]},&quot;min_height_tablet&quot;:{&quot;unit&quot;:&quot;px&quot;,&quot;size&quot;:&quot;&quot;,&quot;sizes&quot;:[]},&quot;min_height_mobile_extra&quot;:{&quot;unit&quot;:&quot;px&quot;,&quot;size&quot;:&quot;&quot;,&quot;sizes&quot;:[]},&quot;min_height_mobile&quot;:{&quot;unit&quot;:&quot;px&quot;,&quot;size&quot;:&quot;&quot;,&quot;sizes&quot;:[]}}\" data-widget_type=\"table-of-contents.default\">\n\t\t\t\t<div class=\"elementor-widget-container\">\n\t\t\t\t\t\t\t\t\t<div class=\"elementor-toc__header\">\n\t\t\t\t\t\t<h4 class=\"elementor-toc__header-title\">\n\t\t\t\tIndice dei contenuti\t\t\t<\/h4>\n\t\t\t\t\t\t\t\t\t\t<div class=\"elementor-toc__toggle-button elementor-toc__toggle-button--expand\" role=\"button\" tabindex=\"0\" aria-controls=\"elementor-toc__cf025b7\" aria-expanded=\"true\" aria-label=\"Open table of contents\"><svg aria-hidden=\"true\" class=\"e-font-icon-svg e-fas-chevron-down\" viewBox=\"0 0 448 512\" xmlns=\"http:\/\/www.w3.org\/2000\/svg\"><path d=\"M207.029 381.476L12.686 187.132c-9.373-9.373-9.373-24.569 0-33.941l22.667-22.667c9.357-9.357 24.522-9.375 33.901-.04L224 284.505l154.745-154.021c9.379-9.335 24.544-9.317 33.901.04l22.667 22.667c9.373 9.373 9.373 24.569 0 33.941L240.971 381.476c-9.373 9.372-24.569 9.372-33.942 0z\"><\/path><\/svg><\/div>\n\t\t\t\t<div class=\"elementor-toc__toggle-button elementor-toc__toggle-button--collapse\" role=\"button\" tabindex=\"0\" aria-controls=\"elementor-toc__cf025b7\" aria-expanded=\"true\" aria-label=\"Close table of contents\"><svg aria-hidden=\"true\" class=\"e-font-icon-svg e-fas-chevron-up\" viewBox=\"0 0 448 512\" xmlns=\"http:\/\/www.w3.org\/2000\/svg\"><path d=\"M240.971 130.524l194.343 194.343c9.373 9.373 9.373 24.569 0 33.941l-22.667 22.667c-9.357 9.357-24.522 9.375-33.901.04L224 227.495 69.255 381.516c-9.379 9.335-24.544 9.317-33.901-.04l-22.667-22.667c-9.373-9.373-9.373-24.569 0-33.941L207.03 130.525c9.372-9.373 24.568-9.373 33.941-.001z\"><\/path><\/svg><\/div>\n\t\t\t\t\t<\/div>\n\t\t\t\t<div id=\"elementor-toc__cf025b7\" class=\"elementor-toc__body\">\n\t\t\t<div class=\"elementor-toc__spinner-container\">\n\t\t\t\t<svg class=\"elementor-toc__spinner eicon-animation-spin e-font-icon-svg e-eicon-loading\" aria-hidden=\"true\" viewBox=\"0 0 1000 1000\" xmlns=\"http:\/\/www.w3.org\/2000\/svg\"><path d=\"M500 975V858C696 858 858 696 858 500S696 142 500 142 142 304 142 500H25C25 237 238 25 500 25S975 237 975 500 763 975 500 975Z\"><\/path><\/svg>\t\t\t<\/div>\n\t\t<\/div>\n\t\t\t\t\t\t<\/div>\n\t\t\t\t<\/div>\n\t\t\t\t<div class=\"elementor-element elementor-element-fb2de1b elementor-widget elementor-widget-heading\" data-id=\"fb2de1b\" data-element_type=\"widget\" data-e-type=\"widget\" data-widget_type=\"heading.default\">\n\t\t\t\t<div class=\"elementor-widget-container\">\n\t\t\t\t\t<h2 class=\"elementor-heading-title elementor-size-default\">Le aziende del gruppo e i settori di attivit\u00e0<\/h2>\t\t\t\t<\/div>\n\t\t\t\t<\/div>\n\t\t\t\t<div class=\"elementor-element elementor-element-bd46d6d elementor-widget elementor-widget-text-editor\" data-id=\"bd46d6d\" data-element_type=\"widget\" data-e-type=\"widget\" data-widget_type=\"text-editor.default\">\n\t\t\t\t<div class=\"elementor-widget-container\">\n\t\t\t\t\t\t\t\t\t<p>JO Group \u00e8 un <strong>cluster<\/strong> che racchiude al suo interno <strong>diverse realt\u00e0<\/strong>, ognuna delle quali ha un preciso campo di applicazione; ma tutte hanno come minimo comune denominatore la <strong>voglia d\u2019innovare<\/strong> e fare della <strong>digital transformation<\/strong> il proprio mantra.<\/p>\n<p>In particolare, i settori di competenza vanno dallo sviluppo di <strong>piattaforme FAD<\/strong> e <strong>serious game<\/strong> alla conversione dei corsi online in formato <strong>SCORM<\/strong>, dalla <strong>consulenza<\/strong> sui progetti europei al <strong>web marketing<\/strong>. E poi ancora <strong>ricerca e<\/strong> <strong>sviluppo ICT<\/strong> (realt\u00e0 aumentata e realt\u00e0 virtuale, blockchain, intelligenza artificiale,\u00a0big data e IoT), <strong>e-health<\/strong>, <strong>sviluppo app<\/strong>, <strong>agritech<\/strong>, software per <strong>tecnologie ambientali<\/strong>, fino alla promozione della digital transformation e della <strong>cittadinanza europea<\/strong>.<\/p>\n<p>Adesso \u00e8 tempo di parlare delle singole aziende del gruppo, delle loro attivit\u00e0, delle sfide vinte e delle prospettive future.<\/p>\n\t\t\t\t\t\t\t\t<\/div>\n\t\t\t\t<\/div>\n\t\t\t\t<div class=\"elementor-element elementor-element-bf74155 elementor-widget elementor-widget-image\" data-id=\"bf74155\" data-element_type=\"widget\" data-e-type=\"widget\" data-widget_type=\"image.default\">\n\t\t\t\t<div class=\"elementor-widget-container\">\n\t\t\t\t\t\t\t\t\t\t\t\t\t\t\t<img fetchpriority=\"high\" decoding=\"async\" width=\"1400\" height=\"760\" src=\"https:\/\/media.jogroup.eu\/jogroup.eu\/wp-content\/uploads\/2023\/03\/25-anni-digital-transformation-2-1.jpg\" class=\"attachment-full size-full wp-image-12179\" alt=\"PMF Research\" srcset=\"https:\/\/media.jogroup.eu\/jogroup.eu\/wp-content\/uploads\/2023\/03\/25-anni-digital-transformation-2-1.jpg 1400w, https:\/\/media.jogroup.eu\/jogroup.eu\/wp-content\/uploads\/2023\/03\/25-anni-digital-transformation-2-1-300x163.jpg 300w, https:\/\/media.jogroup.eu\/jogroup.eu\/wp-content\/uploads\/2023\/03\/25-anni-digital-transformation-2-1-1024x556.jpg 1024w, https:\/\/media.jogroup.eu\/jogroup.eu\/wp-content\/uploads\/2023\/03\/25-anni-digital-transformation-2-1-768x417.jpg 768w\" sizes=\"(max-width: 1400px) 100vw, 1400px\" \/>\t\t\t\t\t\t\t\t\t\t\t\t\t\t\t<\/div>\n\t\t\t\t<\/div>\n\t\t\t\t<div class=\"elementor-element elementor-element-ab193b0 elementor-widget elementor-widget-heading\" data-id=\"ab193b0\" data-element_type=\"widget\" data-e-type=\"widget\" data-widget_type=\"heading.default\">\n\t\t\t\t<div class=\"elementor-widget-container\">\n\t\t\t\t\t<h2 class=\"elementor-heading-title elementor-size-default\">PMF Research: ricerca e sviluppo ICT<\/h2>\t\t\t\t<\/div>\n\t\t\t\t<\/div>\n\t\t\t\t<div class=\"elementor-element elementor-element-c2d7967 elementor-widget elementor-widget-text-editor\" data-id=\"c2d7967\" data-element_type=\"widget\" data-e-type=\"widget\" data-widget_type=\"text-editor.default\">\n\t\t\t\t<div class=\"elementor-widget-container\">\n\t\t\t\t\t\t\t\t\t<p>Iniziamo con <a href=\"https:\/\/pmf-research.eu\/\" target=\"_blank\" rel=\"noopener\"><strong>PMF Research<\/strong><\/a>, azienda del cluster, che dal <strong>2003<\/strong> \u00e8 specializzata in ricerca e sviluppo nell\u2019ambito delle information and communication technologies (<a href=\"https:\/\/www.treccani.it\/enciclopedia\/ict_%28Dizionario-di-Economia-e-Finanza%29\/\" rel=\"nofollow noopener\" target=\"_blank\"><strong>ICT<\/strong><\/a>).<\/p>\n<p>I campi d\u2019interesse sono: realt\u00e0 aumentata (<strong>AR<\/strong>) e virtuale (<a href=\"https:\/\/pmf-research.eu\/realta-virtuale-immersiva-opportunita-ambiti\/\" target=\"_blank\" rel=\"noopener\"><strong>VR<\/strong><\/a>), <strong>IoT<\/strong>, intelligenza artificiale (<strong>IA<\/strong>), <strong>blockchain<\/strong> e <strong>big data<\/strong>.<\/p>\n<p>PMF Research collabora da sempre con altri <strong>centri di ricerca<\/strong>, <strong>enti pubblici<\/strong> e <strong>aziende<\/strong> per sviluppare progetti dal forte impatto innovativo.<\/p>\n<p>Non potendo, in quest\u2019articolo, entrare nei dettagli di ogni singolo progetto \u2013 ci vorrebbero pagine e pagine \u2013 ci si concentrer\u00e0 sui pi\u00f9 emblematici.<\/p>\n\t\t\t\t\t\t\t\t<\/div>\n\t\t\t\t<\/div>\n\t\t\t\t<div class=\"elementor-element elementor-element-52c527b elementor-widget elementor-widget-heading\" data-id=\"52c527b\" data-element_type=\"widget\" data-e-type=\"widget\" data-widget_type=\"heading.default\">\n\t\t\t\t<div class=\"elementor-widget-container\">\n\t\t\t\t\t<h3 class=\"elementor-heading-title elementor-size-default\">Smart city e tecnologia: SECESTA e SECESTA ViaSAFE<\/h3>\t\t\t\t<\/div>\n\t\t\t\t<\/div>\n\t\t\t\t<div class=\"elementor-element elementor-element-69e708e elementor-widget elementor-widget-text-editor\" data-id=\"69e708e\" data-element_type=\"widget\" data-e-type=\"widget\" data-widget_type=\"text-editor.default\">\n\t\t\t\t<div class=\"elementor-widget-container\">\n\t\t\t\t\t\t\t\t\t<p>PMF Research, in qualit\u00e0 di capofila di un consorzio di aziende ed enti pubblici, ha avviato nel <strong>2011<\/strong> il primo progetto di smart city in Sicilia, <strong>SECESTA<\/strong>, proseguito nel <strong>2020<\/strong> dal follow-up <strong>SECESTA ViaSAFE<\/strong>.<\/p>\n<p>Il progetto SECESTA \u00e8 nato dal fatto che la dispersione atmosferica di <strong>ceneri<\/strong> prodotte dall\u2019attivit\u00e0 esplosiva dell\u2019<strong>Etna<\/strong> costituisce un rilevante <strong>fattore di rischio<\/strong> per gran parte della Sicilia Orientale e in particolare per l\u2019area catanese.<\/p>\n<p>Nei periodi di attivit\u00e0 la nube incandescente rappresenta un sostanziale fattore di pericolo sia per il traffico aereo che per quello civile e non. Ecco perch\u00e9 il monitoraggio dell\u2019emissione e dei fenomeni di ricaduta delle ceneri vulcaniche \u00e8 di interesse strategico in tutti quegli ambiti in cui la fruizione di un servizio pu\u00f2 essere compromessa dalla presenza di ceneri vulcaniche. Da qui la necessit\u00e0 di sviluppare un sistema che sia in grado di fornire un\u2019informazione qualitativa sullo stato del processo osservato, con lo scopo di attivare un <strong>monitoraggio continuo<\/strong> e distribuito delle grandezze d\u2019interesse.<\/p>\n<p>L\u2019obiettivo della rete di monitoraggio \u00e8 quindi fornire un \u201c<em>early warning<\/em>\u201d di eventuali fenomeni rilevati al fine di garantire la <strong>sicurezza<\/strong> del trasporto aereo.<\/p>\n\t\t\t\t\t\t\t\t<\/div>\n\t\t\t\t<\/div>\n\t\t\t\t<div class=\"elementor-element elementor-element-c22c6de elementor-widget elementor-widget-heading\" data-id=\"c22c6de\" data-element_type=\"widget\" data-e-type=\"widget\" data-widget_type=\"heading.default\">\n\t\t\t\t<div class=\"elementor-widget-container\">\n\t\t\t\t\t<h3 class=\"elementor-heading-title elementor-size-default\">PKU Smart Sensor: innovazione tecnologica al servizio dei pazienti<\/h3>\t\t\t\t<\/div>\n\t\t\t\t<\/div>\n\t\t\t\t<div class=\"elementor-element elementor-element-4527b43 elementor-widget elementor-widget-text-editor\" data-id=\"4527b43\" data-element_type=\"widget\" data-e-type=\"widget\" data-widget_type=\"text-editor.default\">\n\t\t\t\t<div class=\"elementor-widget-container\">\n\t\t\t\t\t\t\t\t\t<p>Un settore dove l\u2019innovazione tecnologica pu\u00f2 dare un contributo estremamente importante \u00e8 quello della <strong>salute<\/strong>. L\u2019innovazione, infatti, pu\u00f2 non solo migliorare la qualit\u00e0 della vita dei pazienti, ma anche prevenire l\u2019aggravarsi delle patologie. Proprio in quest\u2019ottica s\u2019inserisce il progetto <strong>PKU Smart Sensor<\/strong>, di cui PMF Research fa parte.<\/p>\n<p>PKU-Smart-Sensor \u00e8 il progetto per la realizzazione e validazione di un sistema \u201c<em>Point-of-Care\u201d, <\/em>per il <strong>monitoraggio home-testing di fenilalanina<\/strong> in pazienti affetti da iperfenilalaninemie. Il progetto mira alla realizzazione di un dimostratore portatile Point-of-Care (<strong>PoC<\/strong>) per il monitoraggio dei livelli di fenilalanina (PHE) nei pazienti affetti da iperfenilalaninemie e alla dimostrazione della sua funzionalit\u00e0, robustezza e affidabilit\u00e0 in ambiente operativo reale.<\/p>\n<p>Obiettivo \u00e8 rendere i dispositivi facilmente adoperabili dai pazienti stessi nel loro ambiente domestico per il monitoraggio dei livelli di <strong>PHE plasma <\/strong>in tempo reale. Il PoC sar\u00e0 supportato da una <strong>infrastruttura ICT<\/strong> che faciliter\u00e0 la comunicazione con il medico o il centro di riferimento per le malattie ereditarie per una corretta rimodulazione della terapia in tempo reale.<\/p>\n\t\t\t\t\t\t\t\t<\/div>\n\t\t\t\t<\/div>\n\t\t\t\t<div class=\"elementor-element elementor-element-105aeb5 elementor-widget elementor-widget-image\" data-id=\"105aeb5\" data-element_type=\"widget\" data-e-type=\"widget\" data-widget_type=\"image.default\">\n\t\t\t\t<div class=\"elementor-widget-container\">\n\t\t\t\t\t\t\t\t\t\t\t\t\t\t\t<img decoding=\"async\" width=\"1400\" height=\"760\" src=\"https:\/\/media.jogroup.eu\/jogroup.eu\/wp-content\/uploads\/2023\/03\/25-anni-digital-transformation-4.jpg\" class=\"attachment-full size-full wp-image-12181\" alt=\"VITECO\" srcset=\"https:\/\/media.jogroup.eu\/jogroup.eu\/wp-content\/uploads\/2023\/03\/25-anni-digital-transformation-4.jpg 1400w, https:\/\/media.jogroup.eu\/jogroup.eu\/wp-content\/uploads\/2023\/03\/25-anni-digital-transformation-4-300x163.jpg 300w, https:\/\/media.jogroup.eu\/jogroup.eu\/wp-content\/uploads\/2023\/03\/25-anni-digital-transformation-4-1024x556.jpg 1024w, https:\/\/media.jogroup.eu\/jogroup.eu\/wp-content\/uploads\/2023\/03\/25-anni-digital-transformation-4-768x417.jpg 768w\" sizes=\"(max-width: 1400px) 100vw, 1400px\" \/>\t\t\t\t\t\t\t\t\t\t\t\t\t\t\t<\/div>\n\t\t\t\t<\/div>\n\t\t\t\t<div class=\"elementor-element elementor-element-c25c53f elementor-widget elementor-widget-heading\" data-id=\"c25c53f\" data-element_type=\"widget\" data-e-type=\"widget\" data-widget_type=\"heading.default\">\n\t\t\t\t<div class=\"elementor-widget-container\">\n\t\t\t\t\t<h2 class=\"elementor-heading-title elementor-size-default\">VITECO: sviluppo piattaforme FAD, serious game e conversione in SCORM<\/h2>\t\t\t\t<\/div>\n\t\t\t\t<\/div>\n\t\t\t\t<div class=\"elementor-element elementor-element-086b111 elementor-widget elementor-widget-text-editor\" data-id=\"086b111\" data-element_type=\"widget\" data-e-type=\"widget\" data-widget_type=\"text-editor.default\">\n\t\t\t\t<div class=\"elementor-widget-container\">\n\t\t\t\t\t\t\t\t\t<p>Tra le realt\u00e0 europee che hanno sempre creduto nell\u2019<a href=\"https:\/\/www.vitecoelearning.eu\/e-learning-metaverso-fad-dad-vantaggi\/\" target=\"_blank\" rel=\"noopener\"><strong>e-learning<\/strong><\/a> c\u2019\u00e8\u00a0<a href=\"https:\/\/vitecoelearning.eu\/\" target=\"_blank\" rel=\"noopener\"><strong>VITECO<\/strong><\/a>, che dal <strong>2004<\/strong> sviluppa <strong>piattaforme FAD<\/strong> e <strong>serious game<\/strong>. Nonostante il proliferare di piattaforme FAD e tool per meeting online, molti dei quali nati proprio durante la pandemia come risposta alla domanda crescente, le piattaforme FAD e-Logos sono riuscite lo stesso a distinguersi per la credibilit\u00e0 acquisita da molti anni in tutta Europa.<\/p>\n<p>VITECO non \u00e8 solo piattaforme FAD, ma anche serious game: giochi che non hanno come obiettivo principale quello di divertire, ma quello di <strong>attivare processi d\u2019apprendimento<\/strong>. I serious game, infatti, nascono per rendere il processo di apprendimento, a tutti i livelli, il pi\u00f9 performante ed efficiente possibile. Vengono creati dei veri e propri giochi allo scopo di coinvolgere gli utenti in attivit\u00e0 che massimizzino la produttivit\u00e0 e non abbassino la qualit\u00e0 di apprendimento.<\/p>\n<p>Nel corso di questi ultimi anni, grazie all\u2019introduzione di tecnologie come la realt\u00e0 virtuale, la realt\u00e0 aumentata e il 3D, i serious game sono stati al centro dell\u2019interesse di tutti gli attori dell\u2019<strong>education<\/strong> e VITECO, sia a livello nazionale che europeo, ne \u00e8 una dei protagonisti.<\/p>\n<p>Anche nel caso di VITECO potremmo scrivere pagine e pagine sui numerosissimi progetti europei a cui ha partecipato, sugli enti di formazione di tutt\u2019Europa che ha aiutato con le proprie piattaforme FAD e i serious game, ma anche qui ci limiteremo a citarne un paio.<\/p>\n<p>Nell\u2019ambito dell\u2019<strong>imprenditoria sociale <\/strong>VITECO, quale leader per l\u2019e-learning di un consorzio internazionale, ha partecipato al progetto <strong>SSME Academy<\/strong> che mira ad aiutare i giovani aspiranti imprenditori ad acquisire strumenti e suggerimenti utili ad avviare un\u2019impresa sociale con un programma di <strong>coaching<\/strong>.<\/p>\n<p>Col progetto <strong>EATI<\/strong>, VITECO ha utilizzato la propria piattaforma FAD\u00a0di punta\u00a0<a href=\"https:\/\/www.vitecoelearning.eu\/e-logos\/\" target=\"_blank\" rel=\"noopener\"><strong>e-Logos<\/strong><\/a><strong>\u00a0<\/strong>per far acquisire competenze distintive agli adulti disoccupati e per creare una validazione europea comune per le competenze non formali.<\/p>\n<p>Nell\u2019ambito dell\u2019apprendimento degli adulti il progetto internazionale <strong>Ge&amp;In<\/strong> sul miglioramento di coesione e inclusione sociale ha visto VITECO sviluppare e utilizzare la\u00a0piattaforma FAD\u00a0come spazio interattivo per insegnanti e facilitatori, con l\u2019obiettivo di tessere una <strong>rete europea<\/strong> in cui universit\u00e0, insegnanti di scuole formali, ONG, genitori e rappresentanti di aziende possano condividere e scambiare informazioni, esperienze, suggerimenti ed esempi di buone pratiche sull\u2019<strong>apprendimento intergenerazionale<\/strong>.<\/p>\n<p>VITECO \u00e8 al fianco delle universit\u00e0 italiane: per l\u2019<strong>Universit\u00e0 del Piemonte Orientale (<\/strong><a href=\"https:\/\/www.uniupo.it\/it\" rel=\"nofollow noopener\" target=\"_blank\"><strong>UPO<\/strong><\/a><strong>) <\/strong>ha sviluppato un <strong>serious game 3D<\/strong> in grado di simulare le abilit\u00e0 professionali di <strong>infermieri<\/strong> e <strong>assistenti sociali<\/strong>, ponendo l\u2019accento sui bisogni di salute della persona e della collettivit\u00e0.<\/p>\n\t\t\t\t\t\t\t\t<\/div>\n\t\t\t\t<\/div>\n\t\t\t\t<div class=\"elementor-element elementor-element-8177948 elementor-widget elementor-widget-image\" data-id=\"8177948\" data-element_type=\"widget\" data-e-type=\"widget\" data-widget_type=\"image.default\">\n\t\t\t\t<div class=\"elementor-widget-container\">\n\t\t\t\t\t\t\t\t\t\t\t\t\t\t\t<img decoding=\"async\" width=\"1400\" height=\"760\" src=\"https:\/\/media.jogroup.eu\/jogroup.eu\/wp-content\/uploads\/2023\/03\/25-anni-digital-transformation-5.jpg\" class=\"attachment-full size-full wp-image-12183\" alt=\"IPPOCRATE AS\" srcset=\"https:\/\/media.jogroup.eu\/jogroup.eu\/wp-content\/uploads\/2023\/03\/25-anni-digital-transformation-5.jpg 1400w, https:\/\/media.jogroup.eu\/jogroup.eu\/wp-content\/uploads\/2023\/03\/25-anni-digital-transformation-5-300x163.jpg 300w, https:\/\/media.jogroup.eu\/jogroup.eu\/wp-content\/uploads\/2023\/03\/25-anni-digital-transformation-5-1024x556.jpg 1024w, https:\/\/media.jogroup.eu\/jogroup.eu\/wp-content\/uploads\/2023\/03\/25-anni-digital-transformation-5-768x417.jpg 768w\" sizes=\"(max-width: 1400px) 100vw, 1400px\" \/>\t\t\t\t\t\t\t\t\t\t\t\t\t\t\t<\/div>\n\t\t\t\t<\/div>\n\t\t\t\t<div class=\"elementor-element elementor-element-162282f elementor-widget elementor-widget-heading\" data-id=\"162282f\" data-element_type=\"widget\" data-e-type=\"widget\" data-widget_type=\"heading.default\">\n\t\t\t\t<div class=\"elementor-widget-container\">\n\t\t\t\t\t<h2 class=\"elementor-heading-title elementor-size-default\">IPPOCRATE AS: e-health, m-health e software sanitari per la ricerca medica<\/h2>\t\t\t\t<\/div>\n\t\t\t\t<\/div>\n\t\t\t\t<div class=\"elementor-element elementor-element-d36ea9c elementor-widget elementor-widget-text-editor\" data-id=\"d36ea9c\" data-element_type=\"widget\" data-e-type=\"widget\" data-widget_type=\"text-editor.default\">\n\t\t\t\t<div class=\"elementor-widget-container\">\n\t\t\t\t\t\t\t\t\t<p>JO Group \u00e8 convinta che l\u2019innovazione tecnologica possa dare un contributo significativo al miglioramento della salute delle persone e, proprio per questo, <a href=\"https:\/\/www.ippocrateas.eu\/it\/\" rel=\"nofollow noopener\" target=\"_blank\"><strong>IPPOCRATE AS<\/strong><\/a> dal <strong>2004<\/strong> ha come <em>mission<\/em> la <strong>tutela della salute<\/strong> attraverso lo sviluppo di software <strong>e-health <\/strong>e <a href=\"https:\/\/www.ippocrateas.eu\/it\/mobile-health-mhealth-gdpr-legge\/\" rel=\"nofollow noopener\" target=\"_blank\"><strong>m-health<\/strong><\/a>.<\/p>\n<p>Le soluzioni e-health e healthcare utilizzano le tecnologie digitali per migliorare la salute e il benessere umano e per potenziare i servizi del sistema sanitario nazionale (SSN), migliorandone la qualit\u00e0, la sicurezza e la possibilit\u00e0 di accesso alle cure per chiunque. Con l\u2019e-health si parla di <strong>paziente 2.0<\/strong> in riferimento all\u2019approccio che dovrebbe essere adottato dal sistema sanitario, mettendo quindi la persona al centro di tutto.<\/p>\n<p>IPPOCRATE AS ha contribuito allo sviluppo del progetto <strong>Domus Sapiens<\/strong>, un sistema di <a href=\"https:\/\/www.ippo-engineering.eu\/impianto-domotico-efficienza-energetica-consigli\/\" rel=\"nofollow noopener\" target=\"_blank\"><strong>domotica<\/strong><\/a> avanzata che consente il <strong>monitoraggio dello stato di salute<\/strong> e delle abitudini personali. Questo sistema domotico avanzato \u00e8 basato su tecnologie innovative\u00a0<strong>AAL<\/strong>\u00a0(Active and Assisted Living). Raccoglie ed elabora i dati attraverso una <strong>rete di sensori<\/strong> collocati all\u2019interno dell\u2019edificio e indossati dalle persone, al fine d\u2019intercettare comportamenti anomali e modelli di comportamento da modificare per il benessere delle persone.<\/p>\n\t\t\t\t\t\t\t\t<\/div>\n\t\t\t\t<\/div>\n\t\t\t\t<div class=\"elementor-element elementor-element-0f8973a elementor-widget elementor-widget-image\" data-id=\"0f8973a\" data-element_type=\"widget\" data-e-type=\"widget\" data-widget_type=\"image.default\">\n\t\t\t\t<div class=\"elementor-widget-container\">\n\t\t\t\t\t\t\t\t\t\t\t\t\t\t\t<img loading=\"lazy\" decoding=\"async\" width=\"1400\" height=\"760\" src=\"https:\/\/media.jogroup.eu\/jogroup.eu\/wp-content\/uploads\/2023\/03\/25-anni-digital-transformation-6.jpg\" class=\"attachment-full size-full wp-image-12185\" alt=\"HT Apps\" srcset=\"https:\/\/media.jogroup.eu\/jogroup.eu\/wp-content\/uploads\/2023\/03\/25-anni-digital-transformation-6.jpg 1400w, https:\/\/media.jogroup.eu\/jogroup.eu\/wp-content\/uploads\/2023\/03\/25-anni-digital-transformation-6-300x163.jpg 300w, https:\/\/media.jogroup.eu\/jogroup.eu\/wp-content\/uploads\/2023\/03\/25-anni-digital-transformation-6-1024x556.jpg 1024w, https:\/\/media.jogroup.eu\/jogroup.eu\/wp-content\/uploads\/2023\/03\/25-anni-digital-transformation-6-768x417.jpg 768w\" sizes=\"(max-width: 1400px) 100vw, 1400px\" \/>\t\t\t\t\t\t\t\t\t\t\t\t\t\t\t<\/div>\n\t\t\t\t<\/div>\n\t\t\t\t<div class=\"elementor-element elementor-element-1d60359 elementor-widget elementor-widget-heading\" data-id=\"1d60359\" data-element_type=\"widget\" data-e-type=\"widget\" data-widget_type=\"heading.default\">\n\t\t\t\t<div class=\"elementor-widget-container\">\n\t\t\t\t\t<h2 class=\"elementor-heading-title elementor-size-default\">HT Apps: sviluppo app e soluzioni agritech<\/h2>\t\t\t\t<\/div>\n\t\t\t\t<\/div>\n\t\t\t\t<div class=\"elementor-element elementor-element-5c99cac elementor-widget elementor-widget-text-editor\" data-id=\"5c99cac\" data-element_type=\"widget\" data-e-type=\"widget\" data-widget_type=\"text-editor.default\">\n\t\t\t\t<div class=\"elementor-widget-container\">\n\t\t\t\t\t\t\t\t\t<p>Altra <strong>software house<\/strong> del gruppo \u00e8 <a href=\"https:\/\/www.ht-apps.eu\/\" rel=\"nofollow noopener\" target=\"_blank\"><strong>HT Apps<\/strong><\/a> che, dal <strong>2004<\/strong>, si \u00e8 specializzata nello sviluppo di software gestionali aziendali, app e soluzioni software per l\u2019<strong>agritech<\/strong>.<\/p>\n<p>Nel corso di questi anni HT Apps ha aiutato numerosissime aziende in tutt\u2019Europa a digitalizzarsi e utilizzare app e <a href=\"https:\/\/www.ht-apps.eu\/efficienza-aziendale-come-migliorarla-con-i-gestionali\/\" rel=\"nofollow noopener\" target=\"_blank\"><strong>software gestionali<\/strong><\/a> per migliorare e ottimizzare i processi interni e l\u2019efficienza del lavoro.<\/p>\n<p>Prodotto di punta estremamente semplice quanto efficace \u00e8 l\u2019app <a href=\"https:\/\/www.ht-apps.eu\/joby-app-rilevazione-presenze\/\" rel=\"nofollow noopener\" target=\"_blank\"><strong>JOBy<\/strong><\/a> che, con un semplice clic sullo <strong>smartphone<\/strong>, permette il tracciamento dei propri collaboratori ovunque si trovino. JOBy \u00e8 l\u2019app che permette di abbattere i costi aziendali grazie all\u2019eliminazione dei timbracartellini fisici.<\/p>\n<p>HT Apps per\u00f2 non \u00e8 solo questo! Anch\u2019essa ha partecipato a numerosi progetti nazionali ed europei sempre nell\u2019ottica della digital transformation.<\/p>\n<p>Tra tutti ricordiamo <strong>Resima<\/strong>, che sviluppa una metodologia basata sull\u2019uso dell\u2019<strong>architettura multisensoriale <\/strong>e dei <strong>paradigmi intelligenti computazionali<\/strong> per migliorare l\u2019abitabilit\u00e0 all\u2019interno delle mura domestiche da parte di <strong>anziani<\/strong> e <strong>persone vulnerabili<\/strong>.<\/p>\n<p>Il sistema utilizza un\u2019architettura di rete in cui i nodi multisensoriali sono responsabili del monitoraggio della posizione degli utenti all\u2019interno dell\u2019ambiente. In questo modo \u00e8 possibile stimare l\u2019interazione tra utente e spazio e fornire alla persona anziana e\/o affetta da <strong>cecit\u00e0<\/strong> le informazioni necessarie per un uso sicuro ed efficiente dell\u2019ambiente.<\/p>\n<p>Da pochi mesi \u00e8 partito anche il progetto <strong>Youthful<\/strong>: HT Apps sta sviluppando un\u2019app di <strong><em>mindfulness<\/em><\/strong> con l\u2019obiettivo di sostenere i giovani nella <strong>gestione dello stress legato al lavoro<\/strong>, migliorando il loro benessere e la loro qualit\u00e0 di vita.<\/p>\n\t\t\t\t\t\t\t\t<\/div>\n\t\t\t\t<\/div>\n\t\t\t\t<div class=\"elementor-element elementor-element-03bf55f elementor-widget elementor-widget-image\" data-id=\"03bf55f\" data-element_type=\"widget\" data-e-type=\"widget\" data-widget_type=\"image.default\">\n\t\t\t\t<div class=\"elementor-widget-container\">\n\t\t\t\t\t\t\t\t\t\t\t\t\t\t\t<img loading=\"lazy\" decoding=\"async\" width=\"1400\" height=\"760\" src=\"https:\/\/media.jogroup.eu\/jogroup.eu\/wp-content\/uploads\/2023\/03\/25-anni-digital-transformation-7.jpg\" class=\"attachment-full size-full wp-image-12187\" alt=\"IPPO Engineering\" srcset=\"https:\/\/media.jogroup.eu\/jogroup.eu\/wp-content\/uploads\/2023\/03\/25-anni-digital-transformation-7.jpg 1400w, https:\/\/media.jogroup.eu\/jogroup.eu\/wp-content\/uploads\/2023\/03\/25-anni-digital-transformation-7-300x163.jpg 300w, https:\/\/media.jogroup.eu\/jogroup.eu\/wp-content\/uploads\/2023\/03\/25-anni-digital-transformation-7-1024x556.jpg 1024w, https:\/\/media.jogroup.eu\/jogroup.eu\/wp-content\/uploads\/2023\/03\/25-anni-digital-transformation-7-768x417.jpg 768w\" sizes=\"(max-width: 1400px) 100vw, 1400px\" \/>\t\t\t\t\t\t\t\t\t\t\t\t\t\t\t<\/div>\n\t\t\t\t<\/div>\n\t\t\t\t<div class=\"elementor-element elementor-element-269b481 elementor-widget elementor-widget-heading\" data-id=\"269b481\" data-element_type=\"widget\" data-e-type=\"widget\" data-widget_type=\"heading.default\">\n\t\t\t\t<div class=\"elementor-widget-container\">\n\t\t\t\t\t<h2 class=\"elementor-heading-title elementor-size-default\">IPPO Engineering: software per le tecnologie ambientali<\/h2>\t\t\t\t<\/div>\n\t\t\t\t<\/div>\n\t\t\t\t<div class=\"elementor-element elementor-element-9b07a12 elementor-widget elementor-widget-text-editor\" data-id=\"9b07a12\" data-element_type=\"widget\" data-e-type=\"widget\" data-widget_type=\"text-editor.default\">\n\t\t\t\t<div class=\"elementor-widget-container\">\n\t\t\t\t\t\t\t\t\t<p>Siamo sempre pi\u00f9 coscienti di come l\u2019ambiente che ci circonda vada preservato. Proprio con questo obiettivo IPPOCRATE AS ha aperto il ramo aziendale <a href=\"https:\/\/www.ippo-engineering.eu\/\" rel=\"nofollow noopener\" target=\"_blank\"><strong>IPPO Engineering<\/strong><\/a> che \u00e8 focalizzato sui software per le <strong>tecnologie ambientali<\/strong>, le <strong>energie rinnovabili<\/strong> e l\u2019<strong>efficienza energetica<\/strong>.<\/p>\n<p>IPPO Engineering \u00e8 convinta che la salute del pianeta passi dalla tecnologia e proprio per questo, insieme a diversi consorzi nazionali ed europei, \u00e8 attiva nella <strong>salvaguardia del nostro futuro<\/strong>.<\/p>\n<p>IPPO Engineering \u00e8 partner del progetto europeo <strong>HEAT<\/strong>, che mira a creare un nuovo quadro di riferimento completo per l\u2019<strong>educazione ambientale<\/strong>, analizzando e migliorando i quadri di riferimento esistenti e i modelli di <strong>didattica online<\/strong>.<\/p>\n<p>Il nuovo quadro vede la produzione di materiali di sensibilizzazione sui cambiamenti climatici indirizzati agli studenti delle scuole secondarie e verr\u00e0 garantita la sua fruizione sia online che offline. Tra gli esempi vi sono un <strong>ambiente di apprendimento online<\/strong> e un <strong>gioco interattivo<\/strong> che incorpora il nuovo quadro di riferimento e i dati scientifici sulle ondate di calore, \u00e8 progettato per stimolare l\u2019interesse e dimostrare le conseguenze sul clima in modo coinvolgente.<\/p>\n<p>IPPO Engineering \u00e8 anche partner del progetto <strong>Smartee-Plants <\/strong>che, attraverso un approccio \u201ccontaminativo\u201d tra tecnologie della <strong>microelettronica<\/strong>, della <strong>sensoristica<\/strong>, della <strong>modellazione<\/strong>, del <strong>controllo di processo<\/strong> e l\u2019esperienza dei numerosi ricercatori tecnici e gestori del <strong>Servizio Idrico (SI)<\/strong> provenienti dalle diverse aree geografiche della Regione mira ad un profondo processo di <strong>efficientamento energetico<\/strong> degli impianti di depurazione presenti sull\u2019intero territorio siciliano con specifico coinvolgimento delle aree metropolitane di <strong>Catania<\/strong> e <strong>Palermo<\/strong> e del Libero consorzio comunale di <strong>Enna<\/strong>.<\/p>\n\t\t\t\t\t\t\t\t<\/div>\n\t\t\t\t<\/div>\n\t\t\t\t<div class=\"elementor-element elementor-element-e16b63e elementor-widget elementor-widget-image\" data-id=\"e16b63e\" data-element_type=\"widget\" data-e-type=\"widget\" data-widget_type=\"image.default\">\n\t\t\t\t<div class=\"elementor-widget-container\">\n\t\t\t\t\t\t\t\t\t\t\t\t\t\t\t<img loading=\"lazy\" decoding=\"async\" width=\"1400\" height=\"760\" src=\"https:\/\/media.jogroup.eu\/jogroup.eu\/wp-content\/uploads\/2023\/03\/25-anni-digital-transformation-1.jpg\" class=\"attachment-full size-full wp-image-12170\" alt=\"JO Consulting\" srcset=\"https:\/\/media.jogroup.eu\/jogroup.eu\/wp-content\/uploads\/2023\/03\/25-anni-digital-transformation-1.jpg 1400w, https:\/\/media.jogroup.eu\/jogroup.eu\/wp-content\/uploads\/2023\/03\/25-anni-digital-transformation-1-300x163.jpg 300w, https:\/\/media.jogroup.eu\/jogroup.eu\/wp-content\/uploads\/2023\/03\/25-anni-digital-transformation-1-1024x556.jpg 1024w, https:\/\/media.jogroup.eu\/jogroup.eu\/wp-content\/uploads\/2023\/03\/25-anni-digital-transformation-1-768x417.jpg 768w\" sizes=\"(max-width: 1400px) 100vw, 1400px\" \/>\t\t\t\t\t\t\t\t\t\t\t\t\t\t\t<\/div>\n\t\t\t\t<\/div>\n\t\t\t\t<div class=\"elementor-element elementor-element-1161d9e elementor-widget elementor-widget-heading\" data-id=\"1161d9e\" data-element_type=\"widget\" data-e-type=\"widget\" data-widget_type=\"heading.default\">\n\t\t\t\t<div class=\"elementor-widget-container\">\n\t\t\t\t\t<h2 class=\"elementor-heading-title elementor-size-default\">JO Consulting: consulenza sui fondi europei e finanziamenti a fondo perduto<\/h2>\t\t\t\t<\/div>\n\t\t\t\t<\/div>\n\t\t\t\t<div class=\"elementor-element elementor-element-2f0bc96 elementor-widget elementor-widget-text-editor\" data-id=\"2f0bc96\" data-element_type=\"widget\" data-e-type=\"widget\" data-widget_type=\"text-editor.default\">\n\t\t\t\t<div class=\"elementor-widget-container\">\n\t\t\t\t\t\t\t\t\t<p><strong>JO Consulting<\/strong> pu\u00f2 essere considerata la <strong>madre del gruppo<\/strong>, dal <strong>1998<\/strong> si occupa di <strong>consulenza direzionale<\/strong>, ha aiutato centinaia di aspiranti imprenditori ad avviare la propria attivit\u00e0 e ha permesso ad aziende di tutt\u2019Europa ed enti pubblici di accedere ai <a href=\"https:\/\/www.joconsulting.eu\/finanziamenti-a-fondo-perduto-2023-quali-sono\/\" target=\"_blank\" rel=\"noopener\"><strong>finanziamenti a fondo perduto<\/strong><\/a> messi a disposizione dalla Commissione Europea, dai ministeri e dalle regioni.<\/p>\n<p>JO Consulting \u00e8 una <strong>tessitrice di partnership internazionali<\/strong>, primo fattore di credibilit\u00e0 per poter vincere nel contesto europeo.<\/p>\n<p>Anche per JO Consulting ci soffermeremo sui progetti pi\u00f9 emblematici di questi ultimi 25 anni.<\/p>\n\t\t\t\t\t\t\t\t<\/div>\n\t\t\t\t<\/div>\n\t\t\t\t<div class=\"elementor-element elementor-element-8df92af elementor-widget elementor-widget-heading\" data-id=\"8df92af\" data-element_type=\"widget\" data-e-type=\"widget\" data-widget_type=\"heading.default\">\n\t\t\t\t<div class=\"elementor-widget-container\">\n\t\t\t\t\t<h3 class=\"elementor-heading-title elementor-size-default\">AccelerAction: progetto paneuropeo per accelerare le imprese europee<\/h3>\t\t\t\t<\/div>\n\t\t\t\t<\/div>\n\t\t\t\t<div class=\"elementor-element elementor-element-2bcaedd elementor-widget elementor-widget-text-editor\" data-id=\"2bcaedd\" data-element_type=\"widget\" data-e-type=\"widget\" data-widget_type=\"text-editor.default\">\n\t\t\t\t<div class=\"elementor-widget-container\">\n\t\t\t\t\t\t\t\t\t<p>JO Consulting \u00e8 capofila e coordinatrice del progetto europeo <strong>AccelerAction<\/strong>, che ha come missione quella di creare <strong>ecosistemi d\u2019innovazione<\/strong> pi\u00f9 connessi ed efficienti per sostenere la <strong>scalabilit\u00e0 delle imprese<\/strong>, incoraggiare l\u2019innovazione e stimolare la <strong>cooperazione<\/strong> tra gli attori nazionali, regionali e locali dell\u2019innovazione, a partire dal settore delle tecnologie avanzate, attraverso un programma di accelerazione in un <strong>network paneuropeo<\/strong> e il miglioramento dei servizi di accelerazione delle imprese.<\/p>\n<p>Gli obiettivi di AccelerAction sono:<\/p>\n\t\t\t\t\t\t\t\t<\/div>\n\t\t\t\t<\/div>\n\t\t\t\t<div class=\"elementor-element elementor-element-f9973f0 sistemo-listati elementor-icon-list--layout-traditional elementor-list-item-link-full_width elementor-widget elementor-widget-icon-list\" data-id=\"f9973f0\" data-element_type=\"widget\" data-e-type=\"widget\" data-widget_type=\"icon-list.default\">\n\t\t\t\t<div class=\"elementor-widget-container\">\n\t\t\t\t\t\t\t<ul class=\"elementor-icon-list-items\">\n\t\t\t\t\t\t\t<li class=\"elementor-icon-list-item\">\n\t\t\t\t\t\t\t\t\t\t\t<span class=\"elementor-icon-list-icon\">\n\t\t\t\t\t\t\t<svg aria-hidden=\"true\" class=\"e-font-icon-svg e-fas-check\" viewBox=\"0 0 512 512\" xmlns=\"http:\/\/www.w3.org\/2000\/svg\"><path d=\"M173.898 439.404l-166.4-166.4c-9.997-9.997-9.997-26.206 0-36.204l36.203-36.204c9.997-9.998 26.207-9.998 36.204 0L192 312.69 432.095 72.596c9.997-9.997 26.207-9.997 36.204 0l36.203 36.204c9.997 9.997 9.997 26.206 0 36.204l-294.4 294.401c-9.998 9.997-26.207 9.997-36.204-.001z\"><\/path><\/svg>\t\t\t\t\t\t<\/span>\n\t\t\t\t\t\t\t\t\t\t<span class=\"elementor-icon-list-text\">migliorare la <strong>qualit\u00e0<\/strong> e la diffusione dei servizi di accelerazione delle imprese negli ecosistemi di innovazione in via di sviluppo;<\/span>\n\t\t\t\t\t\t\t\t\t<\/li>\n\t\t\t\t\t\t\t\t<li class=\"elementor-icon-list-item\">\n\t\t\t\t\t\t\t\t\t\t\t<span class=\"elementor-icon-list-icon\">\n\t\t\t\t\t\t\t<svg aria-hidden=\"true\" class=\"e-font-icon-svg e-fas-check\" viewBox=\"0 0 512 512\" xmlns=\"http:\/\/www.w3.org\/2000\/svg\"><path d=\"M173.898 439.404l-166.4-166.4c-9.997-9.997-9.997-26.206 0-36.204l36.203-36.204c9.997-9.998 26.207-9.998 36.204 0L192 312.69 432.095 72.596c9.997-9.997 26.207-9.997 36.204 0l36.203 36.204c9.997 9.997 9.997 26.206 0 36.204l-294.4 294.401c-9.998 9.997-26.207 9.997-36.204-.001z\"><\/path><\/svg>\t\t\t\t\t\t<\/span>\n\t\t\t\t\t\t\t\t\t\t<span class=\"elementor-icon-list-text\">co-progettare <strong>programmi di attivit\u00e0<\/strong> proposti congiuntamente da enti di accelerazione d\u2019impresa situati in ecosistemi meno connessi e hub di innovazione;<\/span>\n\t\t\t\t\t\t\t\t\t<\/li>\n\t\t\t\t\t\t\t\t<li class=\"elementor-icon-list-item\">\n\t\t\t\t\t\t\t\t\t\t\t<span class=\"elementor-icon-list-icon\">\n\t\t\t\t\t\t\t<svg aria-hidden=\"true\" class=\"e-font-icon-svg e-fas-check\" viewBox=\"0 0 512 512\" xmlns=\"http:\/\/www.w3.org\/2000\/svg\"><path d=\"M173.898 439.404l-166.4-166.4c-9.997-9.997-9.997-26.206 0-36.204l36.203-36.204c9.997-9.998 26.207-9.998 36.204 0L192 312.69 432.095 72.596c9.997-9.997 26.207-9.997 36.204 0l36.203 36.204c9.997 9.997 9.997 26.206 0 36.204l-294.4 294.401c-9.998 9.997-26.207 9.997-36.204-.001z\"><\/path><\/svg>\t\t\t\t\t\t<\/span>\n\t\t\t\t\t\t\t\t\t\t<span class=\"elementor-icon-list-text\">rafforzare gli ecosistemi meno connessi per aumentarne la <strong>competitivit\u00e0<\/strong> e la connettivit\u00e0 e mantenere pi\u00f9 equilibrata l\u2019attivit\u00e0 imprenditoriale in Europa;<\/span>\n\t\t\t\t\t\t\t\t\t<\/li>\n\t\t\t\t\t\t\t\t<li class=\"elementor-icon-list-item\">\n\t\t\t\t\t\t\t\t\t\t\t<span class=\"elementor-icon-list-icon\">\n\t\t\t\t\t\t\t<svg aria-hidden=\"true\" class=\"e-font-icon-svg e-fas-check\" viewBox=\"0 0 512 512\" xmlns=\"http:\/\/www.w3.org\/2000\/svg\"><path d=\"M173.898 439.404l-166.4-166.4c-9.997-9.997-9.997-26.206 0-36.204l36.203-36.204c9.997-9.998 26.207-9.998 36.204 0L192 312.69 432.095 72.596c9.997-9.997 26.207-9.997 36.204 0l36.203 36.204c9.997 9.997 9.997 26.206 0 36.204l-294.4 294.401c-9.998 9.997-26.207 9.997-36.204-.001z\"><\/path><\/svg>\t\t\t\t\t\t<\/span>\n\t\t\t\t\t\t\t\t\t\t<span class=\"elementor-icon-list-text\">accelerare la parit\u00e0 di genere negli ecosistemi dell\u2019innovazione.<\/span>\n\t\t\t\t\t\t\t\t\t<\/li>\n\t\t\t\t\t\t<\/ul>\n\t\t\t\t\t\t<\/div>\n\t\t\t\t<\/div>\n\t\t\t\t<div class=\"elementor-element elementor-element-d4fa761 elementor-widget elementor-widget-heading\" data-id=\"d4fa761\" data-element_type=\"widget\" data-e-type=\"widget\" data-widget_type=\"heading.default\">\n\t\t\t\t<div class=\"elementor-widget-container\">\n\t\t\t\t\t<h3 class=\"elementor-heading-title elementor-size-default\">TourINN-Act: cooperazione tra le piccole e medie imprese<\/h3>\t\t\t\t<\/div>\n\t\t\t\t<\/div>\n\t\t\t\t<div class=\"elementor-element elementor-element-c4ce9c1 elementor-widget elementor-widget-text-editor\" data-id=\"c4ce9c1\" data-element_type=\"widget\" data-e-type=\"widget\" data-widget_type=\"text-editor.default\">\n\t\t\t\t<div class=\"elementor-widget-container\">\n\t\t\t\t\t\t\t\t\t<p>JO Consulting \u00e8 partner del progetto <strong>TourINN-act<\/strong>, grazie al quale <strong>60 PMI turistiche<\/strong> beneficiano di un contributo finanziario a fondo perduto per l\u2019implementazione di <strong>pratiche innovative, sostenibili e digitali<\/strong> attraverso la presentazione di progetti sperimentali intersettoriali. JO Consulting fornisce <strong>servizi di consulenza alle startup<\/strong> e assistenza tecnica nella <strong>redazione dei <\/strong><a href=\"https:\/\/www.joconsulting.eu\/business-plan-impresa-cosa-e\/\" target=\"_blank\" rel=\"noopener\"><strong>business plan<\/strong><\/a>, aiutando il matching tra fornitori e imprese al fine di creare <strong>soluzioni innovative<\/strong> per le PMI.<\/p>\n\t\t\t\t\t\t\t\t<\/div>\n\t\t\t\t<\/div>\n\t\t\t\t<div class=\"elementor-element elementor-element-e8671c8 elementor-widget elementor-widget-image\" data-id=\"e8671c8\" data-element_type=\"widget\" data-e-type=\"widget\" data-widget_type=\"image.default\">\n\t\t\t\t<div class=\"elementor-widget-container\">\n\t\t\t\t\t\t\t\t\t\t\t\t\t\t\t<img loading=\"lazy\" decoding=\"async\" width=\"1400\" height=\"760\" src=\"https:\/\/media.jogroup.eu\/jogroup.eu\/wp-content\/uploads\/2023\/03\/25-anni-digital-transformation-3-eng.jpg\" class=\"attachment-full size-full wp-image-12191\" alt=\"Moka Adv\" srcset=\"https:\/\/media.jogroup.eu\/jogroup.eu\/wp-content\/uploads\/2023\/03\/25-anni-digital-transformation-3-eng.jpg 1400w, https:\/\/media.jogroup.eu\/jogroup.eu\/wp-content\/uploads\/2023\/03\/25-anni-digital-transformation-3-eng-300x163.jpg 300w, https:\/\/media.jogroup.eu\/jogroup.eu\/wp-content\/uploads\/2023\/03\/25-anni-digital-transformation-3-eng-1024x556.jpg 1024w, https:\/\/media.jogroup.eu\/jogroup.eu\/wp-content\/uploads\/2023\/03\/25-anni-digital-transformation-3-eng-768x417.jpg 768w\" sizes=\"(max-width: 1400px) 100vw, 1400px\" \/>\t\t\t\t\t\t\t\t\t\t\t\t\t\t\t<\/div>\n\t\t\t\t<\/div>\n\t\t\t\t<div class=\"elementor-element elementor-element-828d8eb elementor-widget elementor-widget-heading\" data-id=\"828d8eb\" data-element_type=\"widget\" data-e-type=\"widget\" data-widget_type=\"heading.default\">\n\t\t\t\t<div class=\"elementor-widget-container\">\n\t\t\t\t\t<h2 class=\"elementor-heading-title elementor-size-default\">Moka Adv: la web agency del gruppo specializzata in marketing internazionale<\/h2>\t\t\t\t<\/div>\n\t\t\t\t<\/div>\n\t\t\t\t<div class=\"elementor-element elementor-element-71ef375 elementor-widget elementor-widget-text-editor\" data-id=\"71ef375\" data-element_type=\"widget\" data-e-type=\"widget\" data-widget_type=\"text-editor.default\">\n\t\t\t\t<div class=\"elementor-widget-container\">\n\t\t\t\t\t\t\t\t\t<p>Nell\u2019era della digitalizzazione e della digital transformation la presenza online \u00e8 fondamentale per sopravvivere e potersi distinguere dalla massa.<\/p>\n<p><a href=\"https:\/\/www.moka-adv.it\/\" rel=\"nofollow noopener\" target=\"_blank\"><strong>Moka Adv<\/strong><\/a>, ramo aziendale di <strong>PMF Research<\/strong>, \u00e8 la web agency del gruppo che aiuta le imprese a digitalizzare le proprie attivit\u00e0, comunicare con i propri clienti, abbattere le barriere fisiche e a trasmettere i propri messaggi attraverso i canali web.<\/p>\n<p>Nasce ai piedi del <strong>vulcano<\/strong> <strong>Etna<\/strong>, ma con lo sguardo rivolto all\u2019<strong>Europa<\/strong> e proprio per questo si \u00e8 specializzata in <strong>marketing internazionale<\/strong>, acquisendo nel corso degli anni credibilit\u00e0 tra le istituzioni europee.<\/p>\n<p>Moka Adv \u00e8 stata incaricata, nell\u2019ambito del progetto <strong>Precobias,<\/strong> che mira a contrastare i pregiudizi e i <strong>messaggi di odio sui social media<\/strong>, d\u2019ideare, realizzare e lanciare <strong>campagne di sensibilizzazione<\/strong> sui <em>bias<\/em> cognitivi a tutti coloro a rischio di radicalizzazione. A tal fine Moka Adv ha creato <strong>video<\/strong> <em>ad hoc<\/em>, campagne social targetizzate in tutt\u2019Europa ottenendo milioni di interazioni.<\/p>\n<p>Sempre nell\u2019ottica di prevenire forme di radicalizzazione, Moka Adv \u00e8 stata partner del progetto <strong>Noradica<\/strong>, che promuove un dialogo incentrato sul <strong>miglioramento della comprensione reciproca tra religioni <\/strong>per prevenire processi di radicalizzazione.<\/p>\n\t\t\t\t\t\t\t\t<\/div>\n\t\t\t\t<\/div>\n\t\t\t\t<div class=\"elementor-element elementor-element-51e20f5 elementor-widget elementor-widget-image\" data-id=\"51e20f5\" data-element_type=\"widget\" data-e-type=\"widget\" data-widget_type=\"image.default\">\n\t\t\t\t<div class=\"elementor-widget-container\">\n\t\t\t\t\t\t\t\t\t\t\t\t\t\t\t<img loading=\"lazy\" decoding=\"async\" width=\"1400\" height=\"760\" src=\"https:\/\/media.jogroup.eu\/jogroup.eu\/wp-content\/uploads\/2023\/03\/25-anni-digital-transformation-8.jpg\" class=\"attachment-full size-full wp-image-12193\" alt=\"JO Education | Innovation Hub Catania\" srcset=\"https:\/\/media.jogroup.eu\/jogroup.eu\/wp-content\/uploads\/2023\/03\/25-anni-digital-transformation-8.jpg 1400w, https:\/\/media.jogroup.eu\/jogroup.eu\/wp-content\/uploads\/2023\/03\/25-anni-digital-transformation-8-300x163.jpg 300w, https:\/\/media.jogroup.eu\/jogroup.eu\/wp-content\/uploads\/2023\/03\/25-anni-digital-transformation-8-1024x556.jpg 1024w, https:\/\/media.jogroup.eu\/jogroup.eu\/wp-content\/uploads\/2023\/03\/25-anni-digital-transformation-8-768x417.jpg 768w\" sizes=\"(max-width: 1400px) 100vw, 1400px\" \/>\t\t\t\t\t\t\t\t\t\t\t\t\t\t\t<\/div>\n\t\t\t\t<\/div>\n\t\t\t\t<div class=\"elementor-element elementor-element-fd6a6c7 elementor-widget elementor-widget-heading\" data-id=\"fd6a6c7\" data-element_type=\"widget\" data-e-type=\"widget\" data-widget_type=\"heading.default\">\n\t\t\t\t<div class=\"elementor-widget-container\">\n\t\t\t\t\t<h2 class=\"elementor-heading-title elementor-size-default\">JO Education ed e-Medine: le due non profit di JO Group<\/h2>\t\t\t\t<\/div>\n\t\t\t\t<\/div>\n\t\t\t\t<div class=\"elementor-element elementor-element-8163476 elementor-widget elementor-widget-text-editor\" data-id=\"8163476\" data-element_type=\"widget\" data-e-type=\"widget\" data-widget_type=\"text-editor.default\">\n\t\t\t\t<div class=\"elementor-widget-container\">\n\t\t\t\t\t\t\t\t\t<p><a href=\"https:\/\/www.jogroup.eu\/\"><strong>JO Group<\/strong><\/a> non \u00e8 solo <strong>business<\/strong>, ma \u00e8 attenta anche ai <strong>bisogni del proprio territorio<\/strong> e si batte in prima linea per promuovere i <strong>valori fondanti dell\u2019Unione Europea<\/strong>.<\/p>\n<p>Del gruppo, infatti, fanno parte anche due non profit, le quali hanno mission e obiettivi ben specifici.<\/p>\n<p><a href=\"https:\/\/joeducation.eu\/it\/\" target=\"_blank\" rel=\"noopener\"><strong>JO Education<\/strong><\/a> \u00e8 la promotrice dell\u2019<strong>Innovation Hub Catania<\/strong>, <em>think tank<\/em> di <strong>innovatori digitali<\/strong> che immaginano per Catania un futuro da <strong>smart city<\/strong> e un ambiente urbano ridisegnato dalla digital transformation con una <strong><em>user experience<\/em> pi\u00f9 a misura d\u2019uomo<\/strong>.<\/p>\n<p><a href=\"https:\/\/e-medine.org\/it\/\" rel=\"nofollow noopener\" target=\"_blank\"><strong>e-Medine<\/strong><\/a> promuove la <strong>cittadinanza europea<\/strong> e il ruolo dell\u2019Europa come grande madrepatria. Il suo obiettivo \u00e8 sensibilizzare le persone sull\u2019importanza di un\u2019identit\u00e0 europea e sull\u2019<strong>integrazione <\/strong>in tutti i suoi aspetti (sociale, economica e culturale) sia tra i cittadini che tra gli attori sociali attraverso campagne di sensibilizzazione, tavole rotonde e la disseminazione di <em>best practice<\/em>.<\/p>\n\t\t\t\t\t\t\t\t<\/div>\n\t\t\t\t<\/div>\n\t\t\t\t<div class=\"elementor-element elementor-element-8e23488 elementor-widget elementor-widget-image\" data-id=\"8e23488\" data-element_type=\"widget\" data-e-type=\"widget\" data-widget_type=\"image.default\">\n\t\t\t\t<div class=\"elementor-widget-container\">\n\t\t\t\t\t\t\t\t\t\t\t\t\t\t\t<img loading=\"lazy\" decoding=\"async\" width=\"1400\" height=\"760\" src=\"https:\/\/media.jogroup.eu\/jogroup.eu\/wp-content\/uploads\/2023\/03\/Europe-Direct.jpg\" class=\"attachment-full size-full wp-image-12177\" alt=\"Europe Direct Catania e-Medine\" srcset=\"https:\/\/media.jogroup.eu\/jogroup.eu\/wp-content\/uploads\/2023\/03\/Europe-Direct.jpg 1400w, https:\/\/media.jogroup.eu\/jogroup.eu\/wp-content\/uploads\/2023\/03\/Europe-Direct-300x163.jpg 300w, https:\/\/media.jogroup.eu\/jogroup.eu\/wp-content\/uploads\/2023\/03\/Europe-Direct-1024x556.jpg 1024w, https:\/\/media.jogroup.eu\/jogroup.eu\/wp-content\/uploads\/2023\/03\/Europe-Direct-768x417.jpg 768w\" sizes=\"(max-width: 1400px) 100vw, 1400px\" \/>\t\t\t\t\t\t\t\t\t\t\t\t\t\t\t<\/div>\n\t\t\t\t<\/div>\n\t\t\t\t<div class=\"elementor-element elementor-element-a37c68b elementor-widget elementor-widget-heading\" data-id=\"a37c68b\" data-element_type=\"widget\" data-e-type=\"widget\" data-widget_type=\"heading.default\">\n\t\t\t\t<div class=\"elementor-widget-container\">\n\t\t\t\t\t<h2 class=\"elementor-heading-title elementor-size-default\">e-Medine \u00e8 Europe Direct Catania (EDCT)<\/h2>\t\t\t\t<\/div>\n\t\t\t\t<\/div>\n\t\t\t\t<div class=\"elementor-element elementor-element-ef7d473 elementor-widget elementor-widget-text-editor\" data-id=\"ef7d473\" data-element_type=\"widget\" data-e-type=\"widget\" data-widget_type=\"text-editor.default\">\n\t\t\t\t<div class=\"elementor-widget-container\">\n\t\t\t\t\t\t\t\t\t<p>Da <strong>ottobre 2022<\/strong> la <strong>Commissione Europea<\/strong> ha nominato e-Medine\u00a0<a href=\"https:\/\/e-medine.org\/it\/europe-direct-catania-e-medine\/\" rel=\"nofollow noopener\" target=\"_blank\"><strong>Europe Direct Catania<\/strong><\/a> centro per aiutare a comprendere meglio le dinamiche dell\u2019UE, coglierne le <strong>opportunit\u00e0<\/strong> e valorizzarne i <strong>princ\u00ecpi democratici<\/strong>, colonne portanti dell\u2019<strong>Unione Europea<\/strong>.<\/p>\n<p>Europe Direct\u00a0\u00e8 una\u00a0<strong>rete\u00a0europea<\/strong>\u00a0promossa e coordinata dalla\u00a0Direzione Generale Comunicazione della Commissione Europea; attualmente, l\u2019<strong>Italia <\/strong>conta <strong>47 Europe Direct (ED)<\/strong> e l\u2019Unione pi\u00f9 di 400.<\/p>\n<p>Europe Direct\u00a0promuove attivamente e in modo continuativo la partecipazione dei cittadini alla\u00a0<strong>democrazia europea<\/strong>. I centri ED facilitano la comprensione del funzionamento dell\u2019Unione tramite\u00a0<strong>politiche attive inclusive<\/strong>\u00a0e il contatto diretto con comunit\u00e0 locali e rappresentanti della\u00a0Commissione UE.<\/p>\n<p>La rete, inoltre, agisce come\u00a0<strong>intermediario<\/strong>\u00a0tra l\u2019Unione e i cittadini a livello locale e si occupa d\u2019<strong>informazione<\/strong> e <strong>comunicazione<\/strong> sul territorio, organizzando iniziative e progetti.<\/p>\n<p>Lo Europe Direct \u00e8 poi un\u2019<strong>antenna della Commissione Europea sul territorio<\/strong>, il cui obiettivo \u00e8 quello di mettere in comunicazione tra loro le Istituzioni e il territorio stesso.<\/p>\n\t\t\t\t\t\t\t\t<\/div>\n\t\t\t\t<\/div>\n\t\t\t\t<div class=\"elementor-element elementor-element-22a556f elementor-widget elementor-widget-heading\" data-id=\"22a556f\" data-element_type=\"widget\" data-e-type=\"widget\" data-widget_type=\"heading.default\">\n\t\t\t\t<div class=\"elementor-widget-container\">\n\t\t\t\t\t<h2 class=\"elementor-heading-title elementor-size-default\">Dai successi passati e presenti alle sfide per il futuro<\/h2>\t\t\t\t<\/div>\n\t\t\t\t<\/div>\n\t\t\t\t<div class=\"elementor-element elementor-element-4668c30 elementor-widget elementor-widget-text-editor\" data-id=\"4668c30\" data-element_type=\"widget\" data-e-type=\"widget\" data-widget_type=\"text-editor.default\">\n\t\t\t\t<div class=\"elementor-widget-container\">\n\t\t\t\t\t\t\t\t\t<p>Dopo 25 anni l\u2019<strong>entusiasmo<\/strong> e la voglia di porsi <strong>nuove<\/strong> <strong>sfide<\/strong> per raggiungere obiettivi sempre pi\u00f9 alti non si sono affatto affievoliti. Crediamo che la strada da percorrere sia ancora lunga e non fatta sempre di percorsi in discesa, ma soprattutto in salita. \u00c8 proprio questo, per\u00f2, ci\u00f2 che alimenta la nostra <strong>passione<\/strong> e che ci spinge sempre a migliorare e innovare.<\/p>\n<p>D\u2019altronde, il nostro hashtag \u00e8\u2026 <strong>#borntoinnovate<\/strong>!<\/p>\n\t\t\t\t\t\t\t\t<\/div>\n\t\t\t\t<\/div>\n\t\t\t\t<div class=\"elementor-element elementor-element-06539b0 elementor-widget elementor-widget-image\" data-id=\"06539b0\" data-element_type=\"widget\" data-e-type=\"widget\" data-widget_type=\"image.default\">\n\t\t\t\t<div class=\"elementor-widget-container\">\n\t\t\t\t\t\t\t\t\t\t\t\t\t\t\t\t<a href=\"https:\/\/www.jogroup.eu\/en\/\">\n\t\t\t\t\t\t\t<img loading=\"lazy\" decoding=\"async\" width=\"1400\" height=\"760\" src=\"https:\/\/media.jogroup.eu\/jogroup.eu\/wp-content\/uploads\/2023\/03\/25-anni-digital-transformation-10.jpg\" class=\"attachment-full size-full wp-image-12175\" alt=\"JO Group\" srcset=\"https:\/\/media.jogroup.eu\/jogroup.eu\/wp-content\/uploads\/2023\/03\/25-anni-digital-transformation-10.jpg 1400w, https:\/\/media.jogroup.eu\/jogroup.eu\/wp-content\/uploads\/2023\/03\/25-anni-digital-transformation-10-300x163.jpg 300w, https:\/\/media.jogroup.eu\/jogroup.eu\/wp-content\/uploads\/2023\/03\/25-anni-digital-transformation-10-1024x556.jpg 1024w, https:\/\/media.jogroup.eu\/jogroup.eu\/wp-content\/uploads\/2023\/03\/25-anni-digital-transformation-10-768x417.jpg 768w\" sizes=\"(max-width: 1400px) 100vw, 1400px\" \/>\t\t\t\t\t\t\t\t<\/a>\n\t\t\t\t\t\t\t\t\t\t\t\t\t\t\t<\/div>\n\t\t\t\t<\/div>\n\t\t\t\t\t<\/div>\n\t\t\t\t<\/div>\n\t\t\t\t<\/div>\n\t\t","protected":false},"excerpt":{"rendered":"<p>Il 1\u00b0 aprile 1998, esattamente 25 anni fa, nasceva JO Group, il cluster di aziende che fin da subito ha fatto dell\u2019innovazione tecnologica e dell\u2019apprendimento continuo il motore delle proprie attivit\u00e0. Il concept stesso del logo del gruppo, la spirale, ne rappresenta i valori. La spirale \u00e8 un simbolo di conoscenza; rappresenta il modo di [&hellip;]<\/p>\n","protected":false},"author":8,"featured_media":12204,"comment_status":"closed","ping_status":"closed","sticky":false,"template":"","format":"standard","meta":{"_acf_changed":false,"site-sidebar-layout":"default","site-content-layout":"default","ast-site-content-layout":"default","site-content-style":"default","site-sidebar-style":"default","ast-global-header-display":"","ast-banner-title-visibility":"","ast-main-header-display":"","ast-hfb-above-header-display":"","ast-hfb-below-header-display":"","ast-hfb-mobile-header-display":"","site-post-title":"","ast-breadcrumbs-content":"","ast-featured-img":"","footer-sml-layout":"","ast-disable-related-posts":"","theme-transparent-header-meta":"default","adv-header-id-meta":"","stick-header-meta":"","header-above-stick-meta":"","header-main-stick-meta":"","header-below-stick-meta":"","astra-migrate-meta-layouts":"default","ast-page-background-enabled":"default","ast-page-background-meta":{"desktop":{"background-color":"","background-image":"","background-repeat":"repeat","background-position":"center center","background-size":"auto","background-attachment":"scroll","background-type":"","background-media":"","overlay-type":"","overlay-color":"","overlay-opacity":"","overlay-gradient":""},"tablet":{"background-color":"","background-image":"","background-repeat":"repeat","background-position":"center center","background-size":"auto","background-attachment":"scroll","background-type":"","background-media":"","overlay-type":"","overlay-color":"","overlay-opacity":"","overlay-gradient":""},"mobile":{"background-color":"","background-image":"","background-repeat":"repeat","background-position":"center center","background-size":"auto","background-attachment":"scroll","background-type":"","background-media":"","overlay-type":"","overlay-color":"","overlay-opacity":"","overlay-gradient":""}},"ast-content-background-meta":{"desktop":{"background-color":"var(--ast-global-color-5)","background-image":"","background-repeat":"repeat","background-position":"center center","background-size":"auto","background-attachment":"scroll","background-type":"","background-media":"","overlay-type":"","overlay-color":"","overlay-opacity":"","overlay-gradient":""},"tablet":{"background-color":"var(--ast-global-color-5)","background-image":"","background-repeat":"repeat","background-position":"center center","background-size":"auto","background-attachment":"scroll","background-type":"","background-media":"","overlay-type":"","overlay-color":"","overlay-opacity":"","overlay-gradient":""},"mobile":{"background-color":"var(--ast-global-color-5)","background-image":"","background-repeat":"repeat","background-position":"center center","background-size":"auto","background-attachment":"scroll","background-type":"","background-media":"","overlay-type":"","overlay-color":"","overlay-opacity":"","overlay-gradient":""}},"footnotes":""},"categories":[3],"tags":[],"class_list":["post-12197","post","type-post","status-publish","format-standard","has-post-thumbnail","hentry","category-uncategorized"],"acf":[],"_links":{"self":[{"href":"https:\/\/www.jogroup.eu\/en\/wp-json\/wp\/v2\/posts\/12197","targetHints":{"allow":["GET"]}}],"collection":[{"href":"https:\/\/www.jogroup.eu\/en\/wp-json\/wp\/v2\/posts"}],"about":[{"href":"https:\/\/www.jogroup.eu\/en\/wp-json\/wp\/v2\/types\/post"}],"author":[{"embeddable":true,"href":"https:\/\/www.jogroup.eu\/en\/wp-json\/wp\/v2\/users\/8"}],"replies":[{"embeddable":true,"href":"https:\/\/www.jogroup.eu\/en\/wp-json\/wp\/v2\/comments?post=12197"}],"version-history":[{"count":6,"href":"https:\/\/www.jogroup.eu\/en\/wp-json\/wp\/v2\/posts\/12197\/revisions"}],"predecessor-version":[{"id":12223,"href":"https:\/\/www.jogroup.eu\/en\/wp-json\/wp\/v2\/posts\/12197\/revisions\/12223"}],"wp:featuredmedia":[{"embeddable":true,"href":"https:\/\/www.jogroup.eu\/en\/wp-json\/wp\/v2\/media\/12204"}],"wp:attachment":[{"href":"https:\/\/www.jogroup.eu\/en\/wp-json\/wp\/v2\/media?parent=12197"}],"wp:term":[{"taxonomy":"category","embeddable":true,"href":"https:\/\/www.jogroup.eu\/en\/wp-json\/wp\/v2\/categories?post=12197"},{"taxonomy":"post_tag","embeddable":true,"href":"https:\/\/www.jogroup.eu\/en\/wp-json\/wp\/v2\/tags?post=12197"}],"curies":[{"name":"wp","href":"https:\/\/api.w.org\/{rel}","templated":true}]}}